{"id":657,"date":"2021-12-18T15:59:20","date_gmt":"2021-12-18T15:59:20","guid":{"rendered":"http:\/\/www.ycvysokemyto.cz\/?p=657"},"modified":"2021-12-18T15:59:20","modified_gmt":"2021-12-18T15:59:20","slug":"657","status":"publish","type":"post","link":"https:\/\/www.ycvysokemyto.cz\/index.php\/2021\/12\/18\/657\/","title":{"rendered":""},"content":{"rendered":"\n<p class=\"has-medium-font-size\"> P\u0159edpokl\u00e1d\u00e1m, \u017ee se k v\u00e1m v\u0161em u\u017e tato smutn\u00e1 novina dostala.  V\u0161ichni v\u00edme jak\u00e1 je te\u010f doba, ale i tak bychom r\u00e1di spole\u010dn\u011b zavzpom\u00ednali na v\u0161echny humorn\u00e9 p\u0159\u00edhody, kter\u00e9 jsme s Laj\u0161kem za\u017eili. A tak bychom se r\u00e1di se\u0161li o v\u00edkendu v den jeho narozenin 20. 5. 2022 na Se\u010di na lod\u011bnici a s ve\u0161kerou se\u010dskou par\u00e1dou se s n\u00edm naposledy rozlou\u010dili. Nebudeme smutnit, budeme p\u00edt, j\u00edst a bavit se, tak jak by si to on s\u00e1m p\u0159\u00e1l. Ve\u0161ker\u00e9 podrobnosti se v\u010das dozv\u00edte, zat\u00edm si pouze tento v\u00edkend poznamenejte do kalend\u00e1\u0159e a pos\u00edlejte tuto zpr\u00e1vu d\u00e1l, a\u0165 se n\u00e1s tam sejde co nejv\u00edc. Se\u010di zdar&#8230; <\/p>\n\n\n\n<figure class=\"wp-block-image\"><img decoding=\"async\" loading=\"lazy\" width=\"2480\" height=\"3508\" src=\"https:\/\/www.ycvysokemyto.cz\/wp-content\/uploads\/2021\/12\/IMG_0363.jpg\" alt=\"\" class=\"wp-image-658\" srcset=\"https:\/\/www.ycvysokemyto.cz\/wp-content\/uploads\/2021\/12\/IMG_0363.jpg 2480w, https:\/\/www.ycvysokemyto.cz\/wp-content\/uploads\/2021\/12\/IMG_0363-768x1086.jpg 768w\" sizes=\"(max-width: 2480px) 100vw, 2480px\" \/><\/figure>\n","protected":false},"excerpt":{"rendered":"<p>P\u0159edpokl\u00e1d\u00e1m, \u017ee se k v\u00e1m v\u0161em u\u017e tato smutn\u00e1 novina dostala. V\u0161ichni v\u00edme jak\u00e1 je te\u010f doba, ale i tak bychom r\u00e1di spole\u010dn\u011b zavzpom\u00ednali na v\u0161echny humorn\u00e9 p\u0159\u00edhody, kter\u00e9 jsme s Laj\u0161kem za\u017eili. A tak bychom se r\u00e1di se\u0161li o v\u00edkendu v den jeho narozenin 20. 5. 2022 na Se\u010di na lod\u011bnici a s ve\u0161kerou [&hellip;]<\/p>\n","protected":false},"author":1,"featured_media":0,"comment_status":"open","ping_status":"open","sticky":false,"template":"","format":"standard","meta":[],"categories":[1],"tags":[],"_links":{"self":[{"href":"https:\/\/www.ycvysokemyto.cz\/index.php\/wp-json\/wp\/v2\/posts\/657"}],"collection":[{"href":"https:\/\/www.ycvysokemyto.cz\/index.php\/wp-json\/wp\/v2\/posts"}],"about":[{"href":"https:\/\/www.ycvysokemyto.cz\/index.php\/wp-json\/wp\/v2\/types\/post"}],"author":[{"embeddable":true,"href":"https:\/\/www.ycvysokemyto.cz\/index.php\/wp-json\/wp\/v2\/users\/1"}],"replies":[{"embeddable":true,"href":"https:\/\/www.ycvysokemyto.cz\/index.php\/wp-json\/wp\/v2\/comments?post=657"}],"version-history":[{"count":1,"href":"https:\/\/www.ycvysokemyto.cz\/index.php\/wp-json\/wp\/v2\/posts\/657\/revisions"}],"predecessor-version":[{"id":659,"href":"https:\/\/www.ycvysokemyto.cz\/index.php\/wp-json\/wp\/v2\/posts\/657\/revisions\/659"}],"wp:attachment":[{"href":"https:\/\/www.ycvysokemyto.cz\/index.php\/wp-json\/wp\/v2\/media?parent=657"}],"wp:term":[{"taxonomy":"category","embeddable":true,"href":"https:\/\/www.ycvysokemyto.cz\/index.php\/wp-json\/wp\/v2\/categories?post=657"},{"taxonomy":"post_tag","embeddable":true,"href":"https:\/\/www.ycvysokemyto.cz\/index.php\/wp-json\/wp\/v2\/tags?post=657"}],"curies":[{"name":"wp","href":"https:\/\/api.w.org\/{rel}","templated":true}]}}