{"id":454,"date":"2019-01-15T17:44:19","date_gmt":"2019-01-15T17:44:19","guid":{"rendered":"http:\/\/www.ycvysokemyto.cz\/?p=454"},"modified":"2019-01-15T17:44:19","modified_gmt":"2019-01-15T17:44:19","slug":"jachtar-roku-2018","status":"publish","type":"post","link":"https:\/\/www.ycvysokemyto.cz\/index.php\/2019\/01\/15\/jachtar-roku-2018\/","title":{"rendered":"Jachta\u0159 roku 2018"},"content":{"rendered":"\n<figure class=\"wp-block-image\"><img decoding=\"async\" loading=\"lazy\" width=\"1175\" height=\"1668\" src=\"http:\/\/www.ycvysokemyto.cz\/wp-content\/uploads\/2019\/01\/image001.jpg\" alt=\"\" class=\"wp-image-455\" srcset=\"https:\/\/www.ycvysokemyto.cz\/wp-content\/uploads\/2019\/01\/image001.jpg 1175w, https:\/\/www.ycvysokemyto.cz\/wp-content\/uploads\/2019\/01\/image001-768x1090.jpg 768w\" sizes=\"(max-width: 1175px) 100vw, 1175px\" \/><\/figure>\n\n\n\n<p>V leto\u0161n\u00edm roce mohou&nbsp;<strong>v anket\u011b Jachta\u0159 roku<\/strong>&nbsp;op\u011bt hlasovat v\u0161ichni \u010dlenov\u00e9 \u010cesk\u00e9ho svazu jachtingu.&nbsp;<strong>Vypln\u011bn\u00ed ankety, v\u00e1m nezabere v\u00edc ne\u017e 3 minuty&nbsp;<\/strong>a va\u0161e hlasy pomohou vyhodnotit nejlep\u0161\u00ed Jachta\u0159e roku 2018. Hlasov\u00e1n\u00ed bude uzav\u0159eno 31. 1. 2019.&nbsp; Ka\u017ed\u00fd \u010dlen \u010cSJ m\u00e1 pr\u00e1vo pouze jednoho hlasov\u00e1n\u00ed.<\/p>\n\n\n\n<p>V&nbsp;anket\u011b se hlasuje stejn\u011b jako vloni v p\u011bti kategori\u00edch \u2013 mu\u017ei, \u017eeny, junio\u0159i, juniorky a jachta\u0159sk\u00e9 t\u00fdmy \u2013 a nav\u00edc pro celkov\u00e9ho v\u00edt\u011bze ze v\u0161ech nominovan\u00fdch jednotlivc\u016f. P\u0159ehled nominovan\u00fdch najdete&nbsp;<strong><a href=\"https:\/\/www.sailing.cz\/clanky\/nominace-jachtar-roku-2018\" target=\"_blank\" rel=\"noreferrer noopener\">ZDE.<\/a><\/strong><\/p>\n\n\n\n<p><a href=\"https:\/\/www.sailing.cz\/clanky\/nominace-jachtar-roku-2018\">https:\/\/www.sailing.cz\/clanky\/nominace-jachtar-roku-2018<\/a><\/p>\n\n\n\n<p><strong>Spole\u010densk\u00fd ve\u010der \u010desk\u00e9ho jachtingu s&nbsp;vyhl\u00e1\u0161en\u00edm ankety Jachta\u0159 roku 2018&nbsp;se bude konat 8. b\u0159ezna 2018 v Praze 4 v Kulturn\u00edm centru Novodvorsk\u00e1.<\/strong>&nbsp;<\/p>\n\n\n\n<p>Ve\u010derem bude prov\u00e1zet moder\u00e1tor V\u00e1clav \u017dmol\u00edk.&nbsp;K&nbsp;tanci bude hr\u00e1t \u017eiv\u00e1 hudba. Nebude chyb\u011bt m\u00f3dn\u00ed p\u0159ehl\u00eddka, p\u0159edtan\u010den\u00ed ani tombola. V\u0161ichni jsou srde\u010dn\u011b zv\u00e1ni!&nbsp;<\/p>\n\n\n\n<p><strong>Vstupenky na Spole\u010densk\u00fd ve\u010der (300 K\u010d k sezen\u00ed, 200 K\u010d k st\u00e1n\u00ed) si m\u016f\u017eete objednat online&nbsp;<\/strong><a href=\"https:\/\/www.sailing.cz\/clanky\/nominace-jachtar-roku-2018\" target=\"_blank\" rel=\"noreferrer noopener\"><strong>ZDE.<\/strong><\/a><\/p>\n\n\n\n<p>Eva Sko\u0159epov\u00e1<\/p>\n\n\n\n<p>PR mana\u017eerka \u010cesk\u00e9ho svazu jachtingu<\/p>\n\n\n\n<p>e-mail:&nbsp;<a href=\"mailto:eva@skorepova.com\" target=\"_blank\" rel=\"noreferrer noopener\">eva@skorepova.com<\/a><\/p>\n\n\n\n<p>mobil: +420 602 124 289<\/p>\n\n\n\n<p><a href=\"http:\/\/www.sailing.cz\/\" target=\"_blank\" rel=\"noreferrer noopener\">www.sailing.cz<\/a><\/p>\n\n\n\n<p><a href=\"http:\/\/www.facebook.com\/sailingcz\" target=\"_blank\" rel=\"noreferrer noopener\">www.facebook.com\/sailingcz<\/a><\/p>\n","protected":false},"excerpt":{"rendered":"<p>V leto\u0161n\u00edm roce mohou&nbsp;v anket\u011b Jachta\u0159 roku&nbsp;op\u011bt hlasovat v\u0161ichni \u010dlenov\u00e9 \u010cesk\u00e9ho svazu jachtingu.&nbsp;Vypln\u011bn\u00ed ankety, v\u00e1m nezabere v\u00edc ne\u017e 3 minuty&nbsp;a va\u0161e hlasy pomohou vyhodnotit nejlep\u0161\u00ed Jachta\u0159e roku 2018. Hlasov\u00e1n\u00ed bude uzav\u0159eno 31. 1. 2019.&nbsp; Ka\u017ed\u00fd \u010dlen \u010cSJ m\u00e1 pr\u00e1vo pouze jednoho hlasov\u00e1n\u00ed. V&nbsp;anket\u011b se hlasuje stejn\u011b jako vloni v p\u011bti kategori\u00edch \u2013 mu\u017ei, \u017eeny, junio\u0159i, [&hellip;]<\/p>\n","protected":false},"author":1,"featured_media":0,"comment_status":"open","ping_status":"open","sticky":false,"template":"","format":"standard","meta":[],"categories":[4,1],"tags":[],"_links":{"self":[{"href":"https:\/\/www.ycvysokemyto.cz\/index.php\/wp-json\/wp\/v2\/posts\/454"}],"collection":[{"href":"https:\/\/www.ycvysokemyto.cz\/index.php\/wp-json\/wp\/v2\/posts"}],"about":[{"href":"https:\/\/www.ycvysokemyto.cz\/index.php\/wp-json\/wp\/v2\/types\/post"}],"author":[{"embeddable":true,"href":"https:\/\/www.ycvysokemyto.cz\/index.php\/wp-json\/wp\/v2\/users\/1"}],"replies":[{"embeddable":true,"href":"https:\/\/www.ycvysokemyto.cz\/index.php\/wp-json\/wp\/v2\/comments?post=454"}],"version-history":[{"count":1,"href":"https:\/\/www.ycvysokemyto.cz\/index.php\/wp-json\/wp\/v2\/posts\/454\/revisions"}],"predecessor-version":[{"id":456,"href":"https:\/\/www.ycvysokemyto.cz\/index.php\/wp-json\/wp\/v2\/posts\/454\/revisions\/456"}],"wp:attachment":[{"href":"https:\/\/www.ycvysokemyto.cz\/index.php\/wp-json\/wp\/v2\/media?parent=454"}],"wp:term":[{"taxonomy":"category","embeddable":true,"href":"https:\/\/www.ycvysokemyto.cz\/index.php\/wp-json\/wp\/v2\/categories?post=454"},{"taxonomy":"post_tag","embeddable":true,"href":"https:\/\/www.ycvysokemyto.cz\/index.php\/wp-json\/wp\/v2\/tags?post=454"}],"curies":[{"name":"wp","href":"https:\/\/api.w.org\/{rel}","templated":true}]}}