{"id":401,"date":"2018-07-13T12:55:32","date_gmt":"2018-07-13T12:55:32","guid":{"rendered":"http:\/\/www.ycvysokemyto.cz\/?p=401"},"modified":"2018-07-13T12:55:32","modified_gmt":"2018-07-13T12:55:32","slug":"mezinarodni-mistrovstvi-ceske-republiky-v-lodni-tride-pirat","status":"publish","type":"post","link":"https:\/\/www.ycvysokemyto.cz\/index.php\/2018\/07\/13\/mezinarodni-mistrovstvi-ceske-republiky-v-lodni-tride-pirat\/","title":{"rendered":"MEZIN\u00c1RODN\u00cd MISTROVSTV\u00cd \u010cESK\u00c9 REPUBLIKY v lodn\u00ed t\u0159\u00edd\u011b PIR\u00c1T"},"content":{"rendered":"<div class=\"_4tdt _ua1\">\n<div class=\"_ua2\">\n<div class=\"_4tdv\">\n<div class=\"_5wd4 _1nc7\">\n<div class=\"._1dlq _h8t\">\n<div class=\"_5wd9 direction_ltr clearfix\">\n<div class=\"_1e-x _n4o\">\n<div class=\"_3_bl\">\n<div class=\"_5w1r _3_om _5wdf\">\n<div class=\"_4gx_\">\n<div>Po\u0159adatelem z\u00e1vod\u016f byl YC DOKSY, ve spolupr\u00e1ci s \u010cesk\u00fdm svazem jachtingu.\u00a0M\u00edstem kon\u00e1n\u00ed bylo M\u00e1chovo jezero v Doksech, \u010cesk\u00e1<br \/>\nrepublika.<\/div>\n<div><span class=\"_5yl5\">Celkem se z\u00fa\u010dastnilo 18 pos\u00e1dek, z toho 7 d\u0159ev\u011bn\u00fdch.\u00a0<\/span>Ve 4 dnech se odjelo celkem 10 rozj\u00ed\u017ed\u011bk. V\u00edtr byl st\u0159\u00eddav\u00fd od 20 st. V maximu 9 m\/s. Za YC VM se z\u00fa\u010dastnily 2 pos\u00e1dky. A to:<\/div>\n<div><\/div>\n<\/div>\n<\/div>\n<\/div>\n<\/div>\n<\/div>\n<\/div>\n<\/div>\n<div class=\"_5wd4 _1nc7\">\n<div class=\"._1dlq _h8t\">\n<div class=\"_5wd9 direction_ltr clearfix\">\n<div class=\"_1e-x _n4o\">\n<div class=\"_3_bl\">\n<div class=\"_5w1r _3_om _5wdf\">\n<div class=\"_4gx_\">\n<div class=\"_1aa6\"><span class=\"_5yl5\">Ji\u0159\u00ed Dym\u00e1k a Tereza Dym\u00e1kov\u00e1<\/span><\/div>\n<div class=\"_1aa6\"><span class=\"_5yl5\"><img decoding=\"async\" loading=\"lazy\" class=\"alignnone  wp-image-259\" src=\"http:\/\/www.ycvysokemyto.cz\/wp-content\/uploads\/2018\/04\/DSC_1748.jpg\" alt=\"\" width=\"479\" height=\"321\" \/><\/span><\/div>\n<\/div>\n<\/div>\n<\/div>\n<\/div>\n<\/div>\n<\/div>\n<div class=\"_40qi\">Michael Steiner a Martin Dr\u00e1bek ml.<br \/>\n<img decoding=\"async\" loading=\"lazy\" class=\"alignnone  wp-image-402\" src=\"http:\/\/www.ycvysokemyto.cz\/wp-content\/uploads\/2018\/07\/36894700_10211703928944193_907922615694262272_n-e1531485819625.jpg\" alt=\"\" width=\"456\" height=\"493\" srcset=\"https:\/\/www.ycvysokemyto.cz\/wp-content\/uploads\/2018\/07\/36894700_10211703928944193_907922615694262272_n-e1531485819625.jpg 1999w, https:\/\/www.ycvysokemyto.cz\/wp-content\/uploads\/2018\/07\/36894700_10211703928944193_907922615694262272_n-e1531485819625-768x831.jpg 768w\" sizes=\"(max-width: 456px) 100vw, 456px\" \/><\/div>\n<\/div>\n<div class=\"_5wd4 _1nc7\">\n<div class=\"_40qi\"><\/div>\n<\/div>\n<div class=\"_5wd4 _1nc7 _2cnu\">\n<div class=\"._1dlq _h8t\">\n<div class=\"_5wd9 direction_ltr clearfix\">\n<div class=\"_1e-x _n4o\">\n<div class=\"_3_bl\">\n<div class=\"_5w1r _3_om _5wdf\">\n<div class=\"_4gx_\">\n<div class=\"_1aa6\"><span class=\"_5yl5\">Dym\u00e1kovi dojeli jako 7. a Michal s Martinem 12., snad proto, \u017ee museli opravovat kormidlo.\u00a0<\/span><\/div>\n<\/div>\n<\/div>\n<\/div>\n<\/div>\n<\/div>\n<\/div>\n<div class=\"_40qi\"><\/div>\n<\/div>\n<\/div>\n<\/div>\n<\/div>\n<div class=\"_4tdt _ua0\">\n<div class=\"_ua2\">\n<div class=\"_4tdv\">\n<div class=\"_5wd4 _1nc6\">\n<div class=\"._1dlq _h8t\">\n<div class=\"_5wd9 direction_ltr clearfix\" data-tooltip-content=\"\u00fater\u00fd 18:41\" data-hover=\"tooltip\" data-tooltip-position=\"right\">\n<div class=\"_1e-x _n4o\">\n<div class=\"_3_bl\">\n<div class=\"_5w1r _3_om _5wdf\">\n<div class=\"_4gx_\">\n<div class=\"_1aa6\"><\/div>\n<\/div>\n<\/div>\n<\/div>\n<\/div>\n<\/div>\n<\/div>\n<\/div>\n<\/div>\n<\/div>\n<\/div>\n<div class=\"_4tdt _ua1\">\n<div class=\"_ua2\">\n<div class=\"_4tdv\">\n<div class=\"_5wd4 _1nc7\">\n<div class=\"._1dlq _h8t\">\n<div class=\"_5wd9 direction_ltr clearfix\">\n<div class=\"_1e-x _n4o\">\n<div class=\"_3_bl\">\n<div class=\"_5w1r _3_om _5wdf\">\n<div class=\"_4gx_\">\n<div class=\"_1aa6\"><\/div>\n<\/div>\n<\/div>\n<\/div>\n<\/div>\n<\/div>\n<\/div>\n<\/div>\n<\/div>\n<\/div>\n<\/div>\n","protected":false},"excerpt":{"rendered":"<p>Po\u0159adatelem z\u00e1vod\u016f byl YC DOKSY, ve spolupr\u00e1ci s \u010cesk\u00fdm svazem jachtingu.\u00a0M\u00edstem kon\u00e1n\u00ed bylo M\u00e1chovo jezero v Doksech, \u010cesk\u00e1 republika. Celkem se z\u00fa\u010dastnilo 18 pos\u00e1dek, z toho 7 d\u0159ev\u011bn\u00fdch.\u00a0Ve 4 dnech se odjelo celkem 10 rozj\u00ed\u017ed\u011bk. V\u00edtr byl st\u0159\u00eddav\u00fd od 20 st. V maximu 9 m\/s. Za YC VM se z\u00fa\u010dastnily 2 pos\u00e1dky. A to: Ji\u0159\u00ed [&hellip;]<\/p>\n","protected":false},"author":1,"featured_media":0,"comment_status":"open","ping_status":"open","sticky":false,"template":"","format":"standard","meta":[],"categories":[4,5],"tags":[],"_links":{"self":[{"href":"https:\/\/www.ycvysokemyto.cz\/index.php\/wp-json\/wp\/v2\/posts\/401"}],"collection":[{"href":"https:\/\/www.ycvysokemyto.cz\/index.php\/wp-json\/wp\/v2\/posts"}],"about":[{"href":"https:\/\/www.ycvysokemyto.cz\/index.php\/wp-json\/wp\/v2\/types\/post"}],"author":[{"embeddable":true,"href":"https:\/\/www.ycvysokemyto.cz\/index.php\/wp-json\/wp\/v2\/users\/1"}],"replies":[{"embeddable":true,"href":"https:\/\/www.ycvysokemyto.cz\/index.php\/wp-json\/wp\/v2\/comments?post=401"}],"version-history":[{"count":1,"href":"https:\/\/www.ycvysokemyto.cz\/index.php\/wp-json\/wp\/v2\/posts\/401\/revisions"}],"predecessor-version":[{"id":403,"href":"https:\/\/www.ycvysokemyto.cz\/index.php\/wp-json\/wp\/v2\/posts\/401\/revisions\/403"}],"wp:attachment":[{"href":"https:\/\/www.ycvysokemyto.cz\/index.php\/wp-json\/wp\/v2\/media?parent=401"}],"wp:term":[{"taxonomy":"category","embeddable":true,"href":"https:\/\/www.ycvysokemyto.cz\/index.php\/wp-json\/wp\/v2\/categories?post=401"},{"taxonomy":"post_tag","embeddable":true,"href":"https:\/\/www.ycvysokemyto.cz\/index.php\/wp-json\/wp\/v2\/tags?post=401"}],"curies":[{"name":"wp","href":"https:\/\/api.w.org\/{rel}","templated":true}]}}